{"id":3165,"date":"2023-01-11T09:41:22","date_gmt":"2023-01-11T09:41:22","guid":{"rendered":"https:\/\/www.rossocorsa.es\/?p=3165"},"modified":"2024-02-06T11:23:59","modified_gmt":"2024-02-06T10:23:59","slug":"evento-rosso-corsa-x-luis-xiii","status":"publish","type":"post","link":"https:\/\/www.rossocorsa.com\/es\/evento-rosso-corsa-x-luis-xiii\/","title":{"rendered":"Evento \u2018Rosso Corsa x Louis XIII\u2019"},"content":{"rendered":"<div data-elementor-type=\"wp-post\" data-elementor-id=\"3165\" class=\"elementor elementor-3165\" data-elementor-post-type=\"post\">\n\t\t\t\t<div class=\"elementor-element elementor-element-206b17e8 e-flex e-con-boxed e-con e-parent\" data-id=\"206b17e8\" data-element_type=\"container\" data-e-type=\"container\">\n\t\t\t\t\t<div class=\"e-con-inner\">\n\t\t\t\t<div class=\"elementor-element elementor-element-7c950c80 elementor-widget elementor-widget-text-editor\" data-id=\"7c950c80\" data-element_type=\"widget\" data-e-type=\"widget\" data-widget_type=\"text-editor.default\">\n\t\t\t\t<div class=\"elementor-widget-container\">\n\t\t\t\t\t\t\t\t\t<p>El 20 de diciembre, Rosso Corsa Marbella acogi\u00f3 un evento V.I.P. organizado en colaboraci\u00f3n con la <a href=\"https:\/\/www.louisxiii-cognac.com\" target=\"_blank\" rel=\"noopener\">Marca francesa de co\u00f1ac <strong>Luis XIII<\/strong>.<\/a><\/p><p>Ambas compa\u00f1\u00edas comparten una filosof\u00eda basada en la excelencia, la exclusividad, y la tradici\u00f3n, lo que les llev\u00f3 a asociarse a\u00a0mediados del a\u00f1o 2022.<\/p><p>El evento celebrado semanas atr\u00e1s, cont\u00f3 con una cuidada selecci\u00f3n de invitados entre los que se encontraban algunos de los clientes m\u00e1s destacados de Rosso Corsa. A todos ellos se les cit\u00f3 en el lounge privado ubicado en la azotea del establecimiento, donde disfrutaron\u00a0de una cata de <strong>Luis XIII<\/strong> dirigida por Borja Rengel, el representante de la marca en Espa\u00f1a y Andorra. Tanto \u00e9l como el CEO de Rosso Corsa, Francesco Sena, fueron los principales anfitriones, y aprovecharon la ocasi\u00f3n para anticipar algunos de los proyectos que se prev\u00e9n en com\u00fan para 2023.<\/p><p>Con esta reuni\u00f3n, todo el equipo quiso cerrar junto a algunos de sus clientes un a\u00f1o fant\u00e1stico y decisivo para la empresa. En 2022, Rosso Corsa Marbella se convirti\u00f3 en el showroom con m\u00e1s unidades de <strong>Ferrari<\/strong> en stock de toda Europa tras someterse a una ambiciosa reforma. El a\u00f1o que acaba de entrar, servir\u00e1 para consolidar todos estos grandes cambios y plantearse retos todav\u00eda mayores.<\/p>\t\t\t\t\t\t\t\t<\/div>\n\t\t\t\t<\/div>\n\t\t\t\t\t<\/div>\n\t\t\t\t<\/div>\n\t\t\t\t<\/div>","protected":false},"excerpt":{"rendered":"<p>El pasado 20 de diciembre, el showroom de Rosso Corsa Marbella acogi\u00f3 un evento V.I.P. organizado en colaboraci\u00f3n con la marca de cognac franc\u00e9s Louis XIII.\n\nAmbas compa\u00f1\u00edas comparten una filosof\u00eda basada en la excelencia, la exclusividad, y la tradici\u00f3n, lo que les llev\u00f3 a asociarse a mediados del a\u00f1o 2022.<\/p>","protected":false},"author":8,"featured_media":3404,"comment_status":"closed","ping_status":"closed","sticky":false,"template":"","format":"standard","meta":{"footnotes":""},"categories":[1],"tags":[89,79,88,80],"class_list":["post-3165","post","type-post","status-publish","format-standard","has-post-thumbnail","hentry","category-news","tag-cognac","tag-event","tag-louis-xiii","tag-rosso-corsa"],"acf":[],"_links":{"self":[{"href":"https:\/\/www.rossocorsa.com\/es\/wp-json\/wp\/v2\/posts\/3165","targetHints":{"allow":["GET"]}}],"collection":[{"href":"https:\/\/www.rossocorsa.com\/es\/wp-json\/wp\/v2\/posts"}],"about":[{"href":"https:\/\/www.rossocorsa.com\/es\/wp-json\/wp\/v2\/types\/post"}],"author":[{"embeddable":true,"href":"https:\/\/www.rossocorsa.com\/es\/wp-json\/wp\/v2\/users\/8"}],"replies":[{"embeddable":true,"href":"https:\/\/www.rossocorsa.com\/es\/wp-json\/wp\/v2\/comments?post=3165"}],"version-history":[{"count":8,"href":"https:\/\/www.rossocorsa.com\/es\/wp-json\/wp\/v2\/posts\/3165\/revisions"}],"predecessor-version":[{"id":11272,"href":"https:\/\/www.rossocorsa.com\/es\/wp-json\/wp\/v2\/posts\/3165\/revisions\/11272"}],"wp:featuredmedia":[{"embeddable":true,"href":"https:\/\/www.rossocorsa.com\/es\/wp-json\/wp\/v2\/media\/3404"}],"wp:attachment":[{"href":"https:\/\/www.rossocorsa.com\/es\/wp-json\/wp\/v2\/media?parent=3165"}],"wp:term":[{"taxonomy":"category","embeddable":true,"href":"https:\/\/www.rossocorsa.com\/es\/wp-json\/wp\/v2\/categories?post=3165"},{"taxonomy":"post_tag","embeddable":true,"href":"https:\/\/www.rossocorsa.com\/es\/wp-json\/wp\/v2\/tags?post=3165"}],"curies":[{"name":"wp","href":"https:\/\/api.w.org\/{rel}","templated":true}]}}