{"id":11534,"date":"2024-04-15T11:37:51","date_gmt":"2024-04-15T09:37:51","guid":{"rendered":"https:\/\/www.rossocorsa.com\/?p=11534"},"modified":"2024-04-15T14:59:35","modified_gmt":"2024-04-15T12:59:35","slug":"rosso-corsa-tercer-puesto-en-el-circuito-del-algarve","status":"publish","type":"post","link":"https:\/\/www.rossocorsa.com\/es\/rosso-corsa-tercer-puesto-en-el-circuito-del-algarve\/","title":{"rendered":"Rosso Corsa consigue el tercer puesto (dos veces) en el Circuito del Algarve, Portimao"},"content":{"rendered":"<div data-elementor-type=\"wp-post\" data-elementor-id=\"11534\" class=\"elementor elementor-11534\" data-elementor-post-type=\"post\">\n\t\t\t\t<div class=\"elementor-element elementor-element-e702992 e-flex e-con-boxed e-con e-parent\" data-id=\"e702992\" data-element_type=\"container\" data-e-type=\"container\">\n\t\t\t\t\t<div class=\"e-con-inner\">\n\t\t\t\t<div class=\"elementor-element elementor-element-38d7e02 elementor-widget elementor-widget-text-editor\" data-id=\"38d7e02\" data-element_type=\"widget\" data-e-type=\"widget\" data-widget_type=\"text-editor.default\">\n\t\t\t\t<div class=\"elementor-widget-container\">\n\t\t\t\t\t\t\t\t\t<p>El pasado fin de semana, el equipo Rosso Corsa acudi\u00f3 al Circuito del Algarve (Portugal) con su Ferrari 488 Challenge EVO para participar en el Campeonato de Espa\u00f1a de GT-CET, donde su piloto \u00c1lvaro Fontes qued\u00f3 tercero en la categor\u00eda GTX.<\/p><p>Como acabamos de mencionar, el piloto de Rosso Corsa, \u00c1lvaro Fontes, pilotaba el Ferrari 488 Challenge EVO (de la Escuder\u00eda Fara\u00f3n) que compart\u00eda con Pedro M. Silvero. Ambos demostraron un excelente nivel de competici\u00f3n, terminando el fin de semana en tercer puesto en sus respectivas categor\u00edas.<\/p><h3>Clasificaci\u00f3n en la parrilla de salida<\/h3><p>Los entrenamientos libres del viernes sirvieron al equipo para adaptarse a las condiciones del Aut\u00f3dromo Internacional do Algarve, pero el verdadero espect\u00e1culo tuvo lugar el s\u00e1bado por la ma\u00f1ana, cuando se celebraron dos sesiones de clasificaci\u00f3n para decidir la parrilla de salida. Fontes logr\u00f3 el quinto puesto en su categor\u00eda (1m 27.242s) y su compa\u00f1ero de equipo, Silvero, tambi\u00e9n se situ\u00f3 entre los cinco primeros.<\/p><h3>El d\u00fao de Ferrari se coloca tercero<\/h3><p>La carrera del domingo se vio afectada por el agua que hab\u00eda en la pista a causa de las lluvias de la noche anterior. Silvero hizo el primer relevo, remontando hasta situarse tercero.<\/p><p>En la vuelta 10, se hizo el relevo con Fontes y la parada en boxes. Fontes sali\u00f3 del box muy concentrado en conseguir su objetivo de quedar lo m\u00e1s alto en el podio, y estuvo manteniendo la segunda posici\u00f3n, hasta las \u00faltimas vueltas en las que tuvo que ceder la posici\u00f3n y quedar en tercer lugar.<\/p><p>El gran trabajo de la Escuder\u00eda Fara\u00f3n se vio reflejado en la carrera y aunque solo estamos en el inicio de temporada, \u00a1Este es un gran resultado para Rosso Corsa!\u00a1y esperamos muchos m\u00e1s como este!<\/p>\t\t\t\t\t\t\t\t<\/div>\n\t\t\t\t<\/div>\n\t\t\t\t<div class=\"elementor-element elementor-element-846f88b elementor-widget elementor-widget-gallery\" data-id=\"846f88b\" data-element_type=\"widget\" data-e-type=\"widget\" data-settings=\"{&quot;columns&quot;:3,&quot;lazyload&quot;:&quot;yes&quot;,&quot;gallery_layout&quot;:&quot;grid&quot;,&quot;columns_tablet&quot;:2,&quot;columns_mobile&quot;:1,&quot;gap&quot;:{&quot;unit&quot;:&quot;px&quot;,&quot;size&quot;:10,&quot;sizes&quot;:[]},&quot;gap_tablet&quot;:{&quot;unit&quot;:&quot;px&quot;,&quot;size&quot;:10,&quot;sizes&quot;:[]},&quot;gap_mobile&quot;:{&quot;unit&quot;:&quot;px&quot;,&quot;size&quot;:10,&quot;sizes&quot;:[]},&quot;link_to&quot;:&quot;file&quot;,&quot;aspect_ratio&quot;:&quot;3:2&quot;,&quot;overlay_background&quot;:&quot;yes&quot;,&quot;content_hover_animation&quot;:&quot;fade-in&quot;}\" data-widget_type=\"gallery.default\">\n\t\t\t\t<div class=\"elementor-widget-container\">\n\t\t\t\t\t\t\t<div class=\"elementor-gallery__container\">\n\t\t\t\t\t\t\t<a class=\"e-gallery-item elementor-gallery-item elementor-animated-content\" href=\"https:\/\/www.rossocorsa.com\/wp-content\/uploads\/2024\/04\/488-Pitlane-2sml.webp\" data-elementor-open-lightbox=\"yes\" data-elementor-lightbox-slideshow=\"846f88b\" data-e-action-hash=\"#elementor-action%3Aaction%3Dlightbox%26settings%3DeyJpZCI6MTE1MzYsInVybCI6Imh0dHBzOlwvXC93d3cucm9zc29jb3JzYS5jb21cL3dwLWNvbnRlbnRcL3VwbG9hZHNcLzIwMjRcLzA0XC80ODgtUGl0bGFuZS0yc21sLndlYnAiLCJzbGlkZXNob3ciOiI4NDZmODhiIn0%3D\">\n\t\t\t\t\t<div class=\"e-gallery-image elementor-gallery-item__image\" data-thumbnail=\"https:\/\/www.rossocorsa.com\/wp-content\/uploads\/2024\/04\/488-Pitlane-2sml-768x512.webp\" data-width=\"768\" data-height=\"512\" aria-label=\"Ferrari 488 Challenge EVO en el Circuito del Algarve\" role=\"img\" ><\/div>\n\t\t\t\t\t\t\t\t\t\t\t<div class=\"elementor-gallery-item__overlay\"><\/div>\n\t\t\t\t\t\t\t\t\t\t\t\t\t\t<\/a>\n\t\t\t\t\t\t\t<a class=\"e-gallery-item elementor-gallery-item elementor-animated-content\" href=\"https:\/\/www.rossocorsa.com\/wp-content\/uploads\/2024\/04\/488-14sml.webp\" data-elementor-open-lightbox=\"yes\" data-elementor-lightbox-slideshow=\"846f88b\" data-e-action-hash=\"#elementor-action%3Aaction%3Dlightbox%26settings%3DeyJpZCI6MTE1MzcsInVybCI6Imh0dHBzOlwvXC93d3cucm9zc29jb3JzYS5jb21cL3dwLWNvbnRlbnRcL3VwbG9hZHNcLzIwMjRcLzA0XC80ODgtMTRzbWwud2VicCIsInNsaWRlc2hvdyI6Ijg0NmY4OGIifQ%3D%3D\">\n\t\t\t\t\t<div class=\"e-gallery-image elementor-gallery-item__image\" data-thumbnail=\"https:\/\/www.rossocorsa.com\/wp-content\/uploads\/2024\/04\/488-14sml-768x512.webp\" data-width=\"768\" data-height=\"512\" aria-label=\"\" role=\"img\" ><\/div>\n\t\t\t\t\t\t\t\t\t\t\t<div class=\"elementor-gallery-item__overlay\"><\/div>\n\t\t\t\t\t\t\t\t\t\t\t\t\t\t<\/a>\n\t\t\t\t\t\t\t<a class=\"e-gallery-item elementor-gallery-item elementor-animated-content\" href=\"https:\/\/www.rossocorsa.com\/wp-content\/uploads\/2024\/04\/488-8sml.webp\" data-elementor-open-lightbox=\"yes\" data-elementor-lightbox-slideshow=\"846f88b\" data-e-action-hash=\"#elementor-action%3Aaction%3Dlightbox%26settings%3DeyJpZCI6MTE1MzgsInVybCI6Imh0dHBzOlwvXC93d3cucm9zc29jb3JzYS5jb21cL3dwLWNvbnRlbnRcL3VwbG9hZHNcLzIwMjRcLzA0XC80ODgtOHNtbC53ZWJwIiwic2xpZGVzaG93IjoiODQ2Zjg4YiJ9\">\n\t\t\t\t\t<div class=\"e-gallery-image elementor-gallery-item__image\" data-thumbnail=\"https:\/\/www.rossocorsa.com\/wp-content\/uploads\/2024\/04\/488-8sml-768x512.webp\" data-width=\"768\" data-height=\"512\" aria-label=\"\" role=\"img\" ><\/div>\n\t\t\t\t\t\t\t\t\t\t\t<div class=\"elementor-gallery-item__overlay\"><\/div>\n\t\t\t\t\t\t\t\t\t\t\t\t\t\t<\/a>\n\t\t\t\t\t\t\t<a class=\"e-gallery-item elementor-gallery-item elementor-animated-content\" href=\"https:\/\/www.rossocorsa.com\/wp-content\/uploads\/2024\/04\/488-Pitlane-4.webp\" data-elementor-open-lightbox=\"yes\" data-elementor-lightbox-slideshow=\"846f88b\" data-e-action-hash=\"#elementor-action%3Aaction%3Dlightbox%26settings%3DeyJpZCI6MTE1MzksInVybCI6Imh0dHBzOlwvXC93d3cucm9zc29jb3JzYS5jb21cL3dwLWNvbnRlbnRcL3VwbG9hZHNcLzIwMjRcLzA0XC80ODgtUGl0bGFuZS00LndlYnAiLCJzbGlkZXNob3ciOiI4NDZmODhiIn0%3D\">\n\t\t\t\t\t<div class=\"e-gallery-image elementor-gallery-item__image\" data-thumbnail=\"https:\/\/www.rossocorsa.com\/wp-content\/uploads\/2024\/04\/488-Pitlane-4-768x512.webp\" data-width=\"768\" data-height=\"512\" aria-label=\"Ferrari 488 Challenge EVO Circuito del Algarve\" role=\"img\" ><\/div>\n\t\t\t\t\t\t\t\t\t\t\t<div class=\"elementor-gallery-item__overlay\"><\/div>\n\t\t\t\t\t\t\t\t\t\t\t\t\t\t<\/a>\n\t\t\t\t\t\t\t<a class=\"e-gallery-item elementor-gallery-item elementor-animated-content\" href=\"https:\/\/www.rossocorsa.com\/wp-content\/uploads\/2024\/04\/488-5_sml.webp\" data-elementor-open-lightbox=\"yes\" data-elementor-lightbox-slideshow=\"846f88b\" data-e-action-hash=\"#elementor-action%3Aaction%3Dlightbox%26settings%3DeyJpZCI6MTE1NDAsInVybCI6Imh0dHBzOlwvXC93d3cucm9zc29jb3JzYS5jb21cL3dwLWNvbnRlbnRcL3VwbG9hZHNcLzIwMjRcLzA0XC80ODgtNV9zbWwud2VicCIsInNsaWRlc2hvdyI6Ijg0NmY4OGIifQ%3D%3D\">\n\t\t\t\t\t<div class=\"e-gallery-image elementor-gallery-item__image\" data-thumbnail=\"https:\/\/www.rossocorsa.com\/wp-content\/uploads\/2024\/04\/488-5_sml-768x512.webp\" data-width=\"768\" data-height=\"512\" aria-label=\"\" role=\"img\" ><\/div>\n\t\t\t\t\t\t\t\t\t\t\t<div class=\"elementor-gallery-item__overlay\"><\/div>\n\t\t\t\t\t\t\t\t\t\t\t\t\t\t<\/a>\n\t\t\t\t\t\t\t<a class=\"e-gallery-item elementor-gallery-item elementor-animated-content\" href=\"https:\/\/www.rossocorsa.com\/wp-content\/uploads\/2024\/04\/488-4sml.webp\" data-elementor-open-lightbox=\"yes\" data-elementor-lightbox-slideshow=\"846f88b\" data-e-action-hash=\"#elementor-action%3Aaction%3Dlightbox%26settings%3DeyJpZCI6MTE1NDEsInVybCI6Imh0dHBzOlwvXC93d3cucm9zc29jb3JzYS5jb21cL3dwLWNvbnRlbnRcL3VwbG9hZHNcLzIwMjRcLzA0XC80ODgtNHNtbC53ZWJwIiwic2xpZGVzaG93IjoiODQ2Zjg4YiJ9\">\n\t\t\t\t\t<div class=\"e-gallery-image elementor-gallery-item__image\" data-thumbnail=\"https:\/\/www.rossocorsa.com\/wp-content\/uploads\/2024\/04\/488-4sml-768x512.webp\" data-width=\"768\" data-height=\"512\" aria-label=\"\" role=\"img\" ><\/div>\n\t\t\t\t\t\t\t\t\t\t\t<div class=\"elementor-gallery-item__overlay\"><\/div>\n\t\t\t\t\t\t\t\t\t\t\t\t\t\t<\/a>\n\t\t\t\t\t<\/div>\n\t\t\t\t\t<\/div>\n\t\t\t\t<\/div>\n\t\t\t\t\t<\/div>\n\t\t\t\t<\/div>\n\t\t\t\t<\/div>","protected":false},"excerpt":{"rendered":"<p>El pasado fin de semana, el equipo Rosso Corsa acudi\u00f3 al Circuito del Algarve (Portugal) con su Ferrari 488 Challenge EVO para participar en el Campeonato de Espa\u00f1a de GT-CET, donde su piloto \u00c1lvaro Fontes qued\u00f3 tercero en la categor\u00eda GTX.<\/p>","protected":false},"author":8,"featured_media":11539,"comment_status":"closed","ping_status":"closed","sticky":false,"template":"","format":"standard","meta":{"footnotes":""},"categories":[1],"tags":[100,71,99,101,90],"class_list":["post-11534","post","type-post","status-publish","format-standard","has-post-thumbnail","hentry","category-news","tag-alvaro-fontes","tag-ferrari","tag-ferrari-488-challenge-evo","tag-racing","tag-racing-team"],"acf":[],"_links":{"self":[{"href":"https:\/\/www.rossocorsa.com\/es\/wp-json\/wp\/v2\/posts\/11534","targetHints":{"allow":["GET"]}}],"collection":[{"href":"https:\/\/www.rossocorsa.com\/es\/wp-json\/wp\/v2\/posts"}],"about":[{"href":"https:\/\/www.rossocorsa.com\/es\/wp-json\/wp\/v2\/types\/post"}],"author":[{"embeddable":true,"href":"https:\/\/www.rossocorsa.com\/es\/wp-json\/wp\/v2\/users\/8"}],"replies":[{"embeddable":true,"href":"https:\/\/www.rossocorsa.com\/es\/wp-json\/wp\/v2\/comments?post=11534"}],"version-history":[{"count":10,"href":"https:\/\/www.rossocorsa.com\/es\/wp-json\/wp\/v2\/posts\/11534\/revisions"}],"predecessor-version":[{"id":11555,"href":"https:\/\/www.rossocorsa.com\/es\/wp-json\/wp\/v2\/posts\/11534\/revisions\/11555"}],"wp:featuredmedia":[{"embeddable":true,"href":"https:\/\/www.rossocorsa.com\/es\/wp-json\/wp\/v2\/media\/11539"}],"wp:attachment":[{"href":"https:\/\/www.rossocorsa.com\/es\/wp-json\/wp\/v2\/media?parent=11534"}],"wp:term":[{"taxonomy":"category","embeddable":true,"href":"https:\/\/www.rossocorsa.com\/es\/wp-json\/wp\/v2\/categories?post=11534"},{"taxonomy":"post_tag","embeddable":true,"href":"https:\/\/www.rossocorsa.com\/es\/wp-json\/wp\/v2\/tags?post=11534"}],"curies":[{"name":"wp","href":"https:\/\/api.w.org\/{rel}","templated":true}]}}