{"id":11159,"date":"2024-01-17T12:18:43","date_gmt":"2024-01-17T11:18:43","guid":{"rendered":"https:\/\/www.rossocorsa.com\/?p=11159"},"modified":"2024-05-08T08:46:44","modified_gmt":"2024-05-08T06:46:44","slug":"rosso-corsa-gana-la-carrera-extrim","status":"publish","type":"post","link":"https:\/\/www.rossocorsa.com\/es\/rosso-corsa-gana-la-carrera-extrim\/","title":{"rendered":"ROSSO CORSA GANA LA I EXTRIM RACE CON SU RADICAL"},"content":{"rendered":"<div data-elementor-type=\"wp-post\" data-elementor-id=\"11159\" class=\"elementor elementor-11159\" data-elementor-post-type=\"post\">\n\t\t\t\t<div class=\"elementor-element elementor-element-e702992 e-flex e-con-boxed e-con e-parent\" data-id=\"e702992\" data-element_type=\"container\" data-e-type=\"container\">\n\t\t\t\t\t<div class=\"e-con-inner\">\n\t\t\t\t<div class=\"elementor-element elementor-element-38d7e02 elementor-widget elementor-widget-text-editor\" data-id=\"38d7e02\" data-element_type=\"widget\" data-e-type=\"widget\" data-widget_type=\"text-editor.default\">\n\t\t\t\t<div class=\"elementor-widget-container\">\n\t\t\t\t\t\t\t\t\t<h4>Dani Clos es el piloto ganador de la I Extrim Race donde ha participado Rosso Corsa en el Circuito de Cheste - Valencia<\/h4><p><b>ROSSO CORSA GANA LA I EXTRIM RACE CON SU RADICAL <\/b>celebrado el s\u00e1bado 13 de enero en el Circuito Ricardo Tormo de Cheste, en Valencia, donde el equipo Rosso Corsa tambi\u00e9n particip\u00f3 con uno de sus veh\u00edculos en la I Carrera Extrim, el 488 Challenge, un superdeportivo de competici\u00f3n hecho para correr. Rosso Corsa estuvo al frente del primer evento de carreras enfocado a creadores de contenidos que ha reunido en Cheste a m\u00e1s de 10.000 aficionados.<\/p><p>Extrim Race se convierte en otro <a href=\"https:\/\/www.rossocorsa.com\/es\/rosso-corsa-receives-model-company-2023-award-at-andalucia-excellence-awards\/\">gran triunfo que Rosso Corsa a\u00f1ade a su podio profesional. <\/a>Un evento con m\u00e1s de 10 horas con los mejores creadores de contenidos del sector, influencers, deportistas de \u00e9lite, celebrities y streamers como aut\u00e9nticos pilotos de F\u00f3rmula 1 a trav\u00e9s de la experiencia F1X3. Una competici\u00f3n para ser el mejor con sus supercoches en el circuito de Cheste.<\/p><p>El equipo Rosso Corsa tambi\u00e9n inscribi\u00f3 uno de sus veh\u00edculos en la I Carrera Extrim, el 488 Challenge, un supercoche de carreras hecho para competir.<\/p><p>El piloto, Dani Clos ha sido el ganador de la I Extrim Race, en el que ha vencido tras tres carreras diferentes y una Ghymkana final con el Radical de Rosso Corsa. Con el resultado de todas las pruebas, Clos ha sido el piloto que m\u00e1s puntos ha sumado y se ha convertido en el vencedor del evento.<\/p><p>Durante la jornada se han realizado diferentes carreras con sus propias reglas, en las que se sum\u00f3 un Ghost Driver que ha participado junto al resto de pilotos sin desvelar su identidad, siendo el segundo en el podio.<\/p><p><strong>La I Extrim Race ha sido todo un espect\u00e1culo. <\/strong>Entrenamientos libres, exposiciones de supercars, stands de las mejores marcas, m\u00fasica en directo, shows, Gymkhana y un especial Extrim fest donde el p\u00fablico y los participantes pudieron disfrutar del cierre de la jornada.\u00a0<\/p>\t\t\t\t\t\t\t\t<\/div>\n\t\t\t\t<\/div>\n\t\t\t\t<div class=\"elementor-element elementor-element-c2d46c7 elementor-widget elementor-widget-spacer\" data-id=\"c2d46c7\" data-element_type=\"widget\" data-e-type=\"widget\" data-widget_type=\"spacer.default\">\n\t\t\t\t<div class=\"elementor-widget-container\">\n\t\t\t\t\t\t\t<div class=\"elementor-spacer\">\n\t\t\t<div class=\"elementor-spacer-inner\"><\/div>\n\t\t<\/div>\n\t\t\t\t\t\t<\/div>\n\t\t\t\t<\/div>\n\t\t\t\t<div class=\"elementor-element elementor-element-846f88b elementor-widget elementor-widget-gallery\" data-id=\"846f88b\" data-element_type=\"widget\" data-e-type=\"widget\" data-settings=\"{&quot;gallery_layout&quot;:&quot;justified&quot;,&quot;lazyload&quot;:&quot;yes&quot;,&quot;ideal_row_height&quot;:{&quot;unit&quot;:&quot;px&quot;,&quot;size&quot;:200,&quot;sizes&quot;:[]},&quot;ideal_row_height_tablet&quot;:{&quot;unit&quot;:&quot;px&quot;,&quot;size&quot;:150,&quot;sizes&quot;:[]},&quot;ideal_row_height_mobile&quot;:{&quot;unit&quot;:&quot;px&quot;,&quot;size&quot;:150,&quot;sizes&quot;:[]},&quot;gap&quot;:{&quot;unit&quot;:&quot;px&quot;,&quot;size&quot;:10,&quot;sizes&quot;:[]},&quot;gap_tablet&quot;:{&quot;unit&quot;:&quot;px&quot;,&quot;size&quot;:10,&quot;sizes&quot;:[]},&quot;gap_mobile&quot;:{&quot;unit&quot;:&quot;px&quot;,&quot;size&quot;:10,&quot;sizes&quot;:[]},&quot;link_to&quot;:&quot;file&quot;,&quot;overlay_background&quot;:&quot;yes&quot;,&quot;content_hover_animation&quot;:&quot;fade-in&quot;}\" data-widget_type=\"gallery.default\">\n\t\t\t\t<div class=\"elementor-widget-container\">\n\t\t\t\t\t\t\t<div class=\"elementor-gallery__container\">\n\t\t\t\t\t\t\t<a class=\"e-gallery-item elementor-gallery-item elementor-animated-content\" href=\"https:\/\/www.rossocorsa.com\/wp-content\/uploads\/2024\/01\/Extrim_Race_1.jpg\" data-elementor-open-lightbox=\"yes\" data-elementor-lightbox-slideshow=\"846f88b\" data-e-action-hash=\"#elementor-action%3Aaction%3Dlightbox%26settings%3DeyJpZCI6MTExMjAsInVybCI6Imh0dHBzOlwvXC93d3cucm9zc29jb3JzYS5jb21cL3dwLWNvbnRlbnRcL3VwbG9hZHNcLzIwMjRcLzAxXC9FeHRyaW1fUmFjZV8xLmpwZyIsInNsaWRlc2hvdyI6Ijg0NmY4OGIifQ%3D%3D\">\n\t\t\t\t\t<div class=\"e-gallery-image elementor-gallery-item__image\" data-thumbnail=\"https:\/\/www.rossocorsa.com\/wp-content\/uploads\/2024\/01\/Extrim_Race_1-768x768.jpg\" data-width=\"768\" data-height=\"768\" aria-label=\"Carrera Extrim - Rosso Corsa\" role=\"img\" ><\/div>\n\t\t\t\t\t\t\t\t\t\t\t<div class=\"elementor-gallery-item__overlay\"><\/div>\n\t\t\t\t\t\t\t\t\t\t\t\t\t\t<\/a>\n\t\t\t\t\t\t\t<a class=\"e-gallery-item elementor-gallery-item elementor-animated-content\" href=\"https:\/\/www.rossocorsa.com\/wp-content\/uploads\/2024\/01\/Extrim_race_2.jpg\" data-elementor-open-lightbox=\"yes\" data-elementor-lightbox-slideshow=\"846f88b\" data-e-action-hash=\"#elementor-action%3Aaction%3Dlightbox%26settings%3DeyJpZCI6MTExMjIsInVybCI6Imh0dHBzOlwvXC93d3cucm9zc29jb3JzYS5jb21cL3dwLWNvbnRlbnRcL3VwbG9hZHNcLzIwMjRcLzAxXC9FeHRyaW1fcmFjZV8yLmpwZyIsInNsaWRlc2hvdyI6Ijg0NmY4OGIifQ%3D%3D\">\n\t\t\t\t\t<div class=\"e-gallery-image elementor-gallery-item__image\" data-thumbnail=\"https:\/\/www.rossocorsa.com\/wp-content\/uploads\/2024\/01\/Extrim_race_2-768x768.jpg\" data-width=\"768\" data-height=\"768\" aria-label=\"Carrera Extrim - Rosso Corsa\" role=\"img\" ><\/div>\n\t\t\t\t\t\t\t\t\t\t\t<div class=\"elementor-gallery-item__overlay\"><\/div>\n\t\t\t\t\t\t\t\t\t\t\t\t\t\t<\/a>\n\t\t\t\t\t\t\t<a class=\"e-gallery-item elementor-gallery-item elementor-animated-content\" href=\"https:\/\/www.rossocorsa.com\/wp-content\/uploads\/2024\/01\/Extrim_race_3.jpg\" data-elementor-open-lightbox=\"yes\" data-elementor-lightbox-slideshow=\"846f88b\" data-e-action-hash=\"#elementor-action%3Aaction%3Dlightbox%26settings%3DeyJpZCI6MTExMjEsInVybCI6Imh0dHBzOlwvXC93d3cucm9zc29jb3JzYS5jb21cL3dwLWNvbnRlbnRcL3VwbG9hZHNcLzIwMjRcLzAxXC9FeHRyaW1fcmFjZV8zLmpwZyIsInNsaWRlc2hvdyI6Ijg0NmY4OGIifQ%3D%3D\">\n\t\t\t\t\t<div class=\"e-gallery-image elementor-gallery-item__image\" data-thumbnail=\"https:\/\/www.rossocorsa.com\/wp-content\/uploads\/2024\/01\/Extrim_race_3-768x768.jpg\" data-width=\"768\" data-height=\"768\" aria-label=\"Rosso Corsa gana la I Carrera Extrim- Rosso Corsa\" role=\"img\" ><\/div>\n\t\t\t\t\t\t\t\t\t\t\t<div class=\"elementor-gallery-item__overlay\"><\/div>\n\t\t\t\t\t\t\t\t\t\t\t\t\t\t<\/a>\n\t\t\t\t\t<\/div>\n\t\t\t\t\t<\/div>\n\t\t\t\t<\/div>\n\t\t\t\t\t<\/div>\n\t\t\t\t<\/div>\n\t\t\t\t<\/div>","protected":false},"excerpt":{"rendered":"<p>Dani Clos es el piloto ganador de la I Extrim Race donde ha participado Rosso Corsa en el Circuito de Cheste - Valencia<\/p>\n<p>ROSSO CORSA GANA LA I EXTRIM RACE CON SU RADICAL Rosso Corsa gana la I Extrim Race celebrada el s\u00e1bado 13 de enero en el Circuit Ricardo Tormo de Cheste en Valencia, donde el equipo de Rosso Corsa tambi\u00e9n particip\u00f3 con uno de sus veh\u00edculos en la I Extrim Race, el 488 Challenge, un superdeportivo de carreras hecho para competir. Rosso Corsa estuvo en primera l\u00ednea en el primer evento de carreras enfocado para creadores de contenido ha reunido en Cheste m\u00e1s de 10.000 aficionados.<\/p>","protected":false},"author":8,"featured_media":11653,"comment_status":"closed","ping_status":"closed","sticky":false,"template":"","format":"standard","meta":{"footnotes":""},"categories":[1],"tags":[73,71,74,75],"class_list":["post-11159","post","type-post","status-publish","format-standard","has-post-thumbnail","hentry","category-news","tag-extrim-race","tag-ferrari","tag-race","tag-valencia"],"acf":[],"_links":{"self":[{"href":"https:\/\/www.rossocorsa.com\/es\/wp-json\/wp\/v2\/posts\/11159","targetHints":{"allow":["GET"]}}],"collection":[{"href":"https:\/\/www.rossocorsa.com\/es\/wp-json\/wp\/v2\/posts"}],"about":[{"href":"https:\/\/www.rossocorsa.com\/es\/wp-json\/wp\/v2\/types\/post"}],"author":[{"embeddable":true,"href":"https:\/\/www.rossocorsa.com\/es\/wp-json\/wp\/v2\/users\/8"}],"replies":[{"embeddable":true,"href":"https:\/\/www.rossocorsa.com\/es\/wp-json\/wp\/v2\/comments?post=11159"}],"version-history":[{"count":10,"href":"https:\/\/www.rossocorsa.com\/es\/wp-json\/wp\/v2\/posts\/11159\/revisions"}],"predecessor-version":[{"id":11366,"href":"https:\/\/www.rossocorsa.com\/es\/wp-json\/wp\/v2\/posts\/11159\/revisions\/11366"}],"wp:featuredmedia":[{"embeddable":true,"href":"https:\/\/www.rossocorsa.com\/es\/wp-json\/wp\/v2\/media\/11653"}],"wp:attachment":[{"href":"https:\/\/www.rossocorsa.com\/es\/wp-json\/wp\/v2\/media?parent=11159"}],"wp:term":[{"taxonomy":"category","embeddable":true,"href":"https:\/\/www.rossocorsa.com\/es\/wp-json\/wp\/v2\/categories?post=11159"},{"taxonomy":"post_tag","embeddable":true,"href":"https:\/\/www.rossocorsa.com\/es\/wp-json\/wp\/v2\/tags?post=11159"}],"curies":[{"name":"wp","href":"https:\/\/api.w.org\/{rel}","templated":true}]}}